{"id":20359,"date":"2024-10-03T17:13:53","date_gmt":"2024-10-03T14:13:53","guid":{"rendered":"https:\/\/maru.ee\/?p=20359"},"modified":"2024-10-03T18:03:27","modified_gmt":"2024-10-03T15:03:27","slug":"the-cornerstone-was-laid-for-the-fedex-cargo-terminal-in-the-new-business-district-at-tallinn-airport","status":"publish","type":"post","link":"https:\/\/maru.ee\/en\/news\/the-cornerstone-was-laid-for-the-fedex-cargo-terminal-in-the-new-business-district-at-tallinn-airport\/","title":{"rendered":"The cornerstone was laid for the FedEx cargo terminal in the new business district at Tallinn Airport"},"content":{"rendered":"<p>On October 1st, the cornerstone was laid for the first cargo terminal in the southern area of Tallinn Airport&#8217;s business district, Airport City \u2013 the new FedEx Express Estonia air cargo terminal building. The future terminal will have a net area of 5250 m\u00b2, of which 1450 m\u00b2 will be modern office space and 3800 m\u00b2 warehouse space. Additionally, the building will have 57 loading platforms and 123 parking spaces for terminal employees and visitors.<\/p>\n<p>The new building was designed by Norte O\u00dc, architects Enn Rajasaar and Priit Ehala. The cargo terminal is scheduled to be completed in June 2025.<\/p>\n<p>Maru Ehitus is pleased to contribute to the development of such a large business district. At the cornerstone ceremony, CEO Margo Dengo said that this project will allow for the implementation of various innovative solutions, simultaneously advancing the company&#8217;s engineering skills. The new building will also open up many new possibilities for the development of the airport&#8217;s infrastructure, and thus also for economic growth. Therefore, we thank the client for their trust and wish the project team exciting months ahead on the site. See you at the topping-out ceremony in a few months!<\/p>\n<p>A video recording has been uploaded to the airport&#8217;s <a href=\"https:\/\/www.youtube.com\/watch?v=BlqWSZGoN-4\">YouTube channel<\/a>.<\/p>\n<p>Overview of media coverage:<\/p>\n<p><a href=\"https:\/\/airportcity.ee\/tallinna-lennujaama-arilinnaku-lounaala-esimene-lennukauba-terminal-sai-nurgakivi\/\">https:\/\/airportcity.ee\/tallinna-lennujaama-arilinnaku-lounaala-esimene-lennukauba-terminal-sai-nurgakivi\/<\/a><br \/>\nAktuaalne Kaamera at 18:30: <a href=\"https:\/\/www.err.ee\/1609476542\/aktuaalne-kaamera-kell-18-30\">https:\/\/www.err.ee\/1609476542\/aktuaalne-kaamera-kell-18-30<\/a> starting 17:11<br \/>\nReporter (Kanal2): <a href=\"https:\/\/reporter.kanal2.ee\/8106890\/tallinna-lennujaam-laieneb-uus-kaubaterminal-sai-nurgakivi\">https:\/\/reporter.kanal2.ee\/8106890\/tallinna-lennujaam-laieneb-uus-kaubaterminal-sai-nurgakivi<\/a><br \/>\n\u00c4rip\u00e4ev: <a href=\"https:\/\/www.aripaev.ee\/uudised\/2024\/10\/01\/lennujaama-massiivne-arilinnak-votab-kuju-esimesena-kerkib-fedexi-kaubaterminal\">https:\/\/www.aripaev.ee\/uudised\/2024\/10\/01\/lennujaama-massiivne-arilinnak-votab-kuju-esimesena-kerkib-fedexi-kaubaterminal<\/a><br \/>\nDelov\u00f5e Vedomosti: <a href=\"https:\/\/www.dv.ee\/novosti\/2024\/10\/01\/biznes-gorodok-u-ajeroporta-obretaet-formy-pervym-pojavitsja-gruzovoj-terminal-fedex\">https:\/\/www.dv.ee\/novosti\/2024\/10\/01\/biznes-gorodok-u-ajeroporta-obretaet-formy-pervym-pojavitsja-gruzovoj-terminal-fedex<\/a><br \/>\nPostimees: <a href=\"https:\/\/majandus.postimees.ee\/8106868\/nurgakivi-pandud-fedex-rajab-tallinna-airport-city-lounaalale-uue-lennukauba-terminali\">https:\/\/majandus.postimees.ee\/8106868\/nurgakivi-pandud-fedex-rajab-tallinna-airport-city-lounaalale-uue-lennukauba-terminali<\/a><br \/>\nDelfi \u00c4rileht: <a href=\"https:\/\/arileht.delfi.ee\/artikkel\/120325901\/tallinna-lennujaama-arilinnakus-sai-nurgakivi-fedexi-kaubaterminal\">https:\/\/arileht.delfi.ee\/artikkel\/120325901\/tallinna-lennujaama-arilinnakus-sai-nurgakivi-fedexi-kaubaterminal<\/a><br \/>\nGeenius Meedia: <a href=\"https:\/\/ari.geenius.ee\/rubriik\/uudis\/lennujaama-arilinnakusse-kerkib-fedexi-kaubaterminal-mis-valmib-jargmisel-suvel\/\">https:\/\/ari.geenius.ee\/rubriik\/uudis\/lennujaama-arilinnakusse-kerkib-fedexi-kaubaterminal-mis-valmib-jargmisel-suvel\/<\/a><br \/>\nBusiness-M: <a href=\"https:\/\/business-m.eu\/airport-city-rasshiryaetsya-nachato-stroitelstvo-gruzovogo-terminala\/\">https:\/\/business-m.eu\/airport-city-rasshiryaetsya-nachato-stroitelstvo-gruzovogo-terminala\/<\/a><br \/>\nEhitusuudised: <a href=\"https:\/\/www.ehitusuudised.ee\/uudised\/2024\/10\/01\/lennujaama-arilinnakus-pandi-fedexi-terminalile-nurgakivi\">https:\/\/www.ehitusuudised.ee\/uudised\/2024\/10\/01\/lennujaama-arilinnakus-pandi-fedexi-terminalile-nurgakivi<\/a><br \/>\nLogistikauudised: <a href=\"https:\/\/www.logistikauudised.ee\/uudised\/2024\/10\/01\/tallinna-lennujaama-lounaalale-kerkiv-fedexi-terminal-sai-nurgakivi\">https:\/\/www.logistikauudised.ee\/uudised\/2024\/10\/01\/tallinna-lennujaama-lounaalale-kerkiv-fedexi-terminal-sai-nurga<\/a><a href=\"https:\/\/www.logistikauudised.ee\/uudised\/2024\/10\/01\/tallinna-lennujaama-lounaalale-kerkiv-fedexi-terminal-sai-nurgakivi\">kivi<\/a><\/p>\n<h5>Photos: Jarek J\u00f5epera, Ksenja R\u00f6\u00f6pson<\/h5>\n<div id='gallery-2' class='gallery galleryid-20359 gallery-columns-4 gallery-size-thumbnail'><figure class='gallery-item'>\n\t\t\t<div class='gallery-icon landscape'>\n\t\t\t\t<a href='https:\/\/maru.ee\/en\/news\/the-cornerstone-was-laid-for-the-fedex-cargo-terminal-in-the-new-business-district-at-tallinn-airport\/attachment\/lennukaubaterminali-nurgakivi-large-2\/'><img loading=\"lazy\" decoding=\"async\" width=\"320\" height=\"210\" src=\"https:\/\/www.maru.ee\/wp-content\/uploads\/2024\/10\/lennukaubaterminali-nurgakivi-Large-320x210.jpeg\" class=\"attachment-thumbnail size-thumbnail\" alt=\"\" \/><\/a>\n\t\t\t<\/div><\/figure><figure class='gallery-item'>\n\t\t\t<div class='gallery-icon portrait'>\n\t\t\t\t<a href='https:\/\/maru.ee\/en\/news\/the-cornerstone-was-laid-for-the-fedex-cargo-terminal-in-the-new-business-district-at-tallinn-airport\/attachment\/dsc_5676-2\/'><img loading=\"lazy\" decoding=\"async\" width=\"320\" height=\"210\" src=\"https:\/\/www.maru.ee\/wp-content\/uploads\/2024\/10\/DSC_5676-320x210.jpg\" class=\"attachment-thumbnail size-thumbnail\" alt=\"\" \/><\/a>\n\t\t\t<\/div><\/figure><figure class='gallery-item'>\n\t\t\t<div class='gallery-icon portrait'>\n\t\t\t\t<a href='https:\/\/maru.ee\/en\/news\/the-cornerstone-was-laid-for-the-fedex-cargo-terminal-in-the-new-business-district-at-tallinn-airport\/attachment\/dsc_5670-2\/'><img loading=\"lazy\" decoding=\"async\" width=\"320\" height=\"210\" src=\"https:\/\/www.maru.ee\/wp-content\/uploads\/2024\/10\/DSC_5670-320x210.jpg\" class=\"attachment-thumbnail size-thumbnail\" alt=\"\" \/><\/a>\n\t\t\t<\/div><\/figure><figure class='gallery-item'>\n\t\t\t<div class='gallery-icon landscape'>\n\t\t\t\t<a href='https:\/\/maru.ee\/en\/news\/the-cornerstone-was-laid-for-the-fedex-cargo-terminal-in-the-new-business-district-at-tallinn-airport\/attachment\/24jj1001_043_fotojarekjoepera-large-2\/'><img loading=\"lazy\" decoding=\"async\" width=\"320\" height=\"210\" src=\"https:\/\/www.maru.ee\/wp-content\/uploads\/2024\/10\/24JJ1001_043_fotoJarekJoepera-Large-320x210.jpg\" class=\"attachment-thumbnail size-thumbnail\" alt=\"\" srcset=\"https:\/\/www.maru.ee\/wp-content\/uploads\/2024\/10\/24JJ1001_043_fotoJarekJoepera-Large-320x210.jpg 320w, https:\/\/www.maru.ee\/wp-content\/uploads\/2024\/10\/24JJ1001_043_fotoJarekJoepera-Large-1440x940.jpg 1440w, https:\/\/www.maru.ee\/wp-content\/uploads\/2024\/10\/24JJ1001_043_fotoJarekJoepera-Large.jpg 1655w\" sizes=\"auto, (max-width: 320px) 100vw, 320px\" \/><\/a>\n\t\t\t<\/div><\/figure><figure class='gallery-item'>\n\t\t\t<div class='gallery-icon landscape'>\n\t\t\t\t<a href='https:\/\/maru.ee\/en\/news\/the-cornerstone-was-laid-for-the-fedex-cargo-terminal-in-the-new-business-district-at-tallinn-airport\/attachment\/24jj1001_014_fotojarekjoepera-large-2\/'><img loading=\"lazy\" decoding=\"async\" width=\"320\" height=\"210\" src=\"https:\/\/www.maru.ee\/wp-content\/uploads\/2024\/10\/24JJ1001_014_fotoJarekJoepera-Large-320x210.jpg\" class=\"attachment-thumbnail size-thumbnail\" alt=\"\" \/><\/a>\n\t\t\t<\/div><\/figure><figure class='gallery-item'>\n\t\t\t<div class='gallery-icon landscape'>\n\t\t\t\t<a href='https:\/\/maru.ee\/en\/news\/the-cornerstone-was-laid-for-the-fedex-cargo-terminal-in-the-new-business-district-at-tallinn-airport\/attachment\/24jj1001_108_fotojarekjoepera-large-2\/'><img loading=\"lazy\" decoding=\"async\" width=\"320\" height=\"210\" src=\"https:\/\/www.maru.ee\/wp-content\/uploads\/2024\/10\/24JJ1001_108_fotoJarekJoepera-Large-320x210.jpg\" class=\"attachment-thumbnail size-thumbnail\" alt=\"\" srcset=\"https:\/\/www.maru.ee\/wp-content\/uploads\/2024\/10\/24JJ1001_108_fotoJarekJoepera-Large-320x210.jpg 320w, https:\/\/www.maru.ee\/wp-content\/uploads\/2024\/10\/24JJ1001_108_fotoJarekJoepera-Large-1440x949.jpg 1440w, https:\/\/www.maru.ee\/wp-content\/uploads\/2024\/10\/24JJ1001_108_fotoJarekJoepera-Large.jpg 1638w\" sizes=\"auto, (max-width: 320px) 100vw, 320px\" \/><\/a>\n\t\t\t<\/div><\/figure><figure class='gallery-item'>\n\t\t\t<div class='gallery-icon portrait'>\n\t\t\t\t<a href='https:\/\/maru.ee\/en\/news\/the-cornerstone-was-laid-for-the-fedex-cargo-terminal-in-the-new-business-district-at-tallinn-airport\/attachment\/dsc_5742-2\/'><img loading=\"lazy\" decoding=\"async\" width=\"320\" height=\"210\" src=\"https:\/\/www.maru.ee\/wp-content\/uploads\/2024\/10\/DSC_5742-320x210.jpg\" class=\"attachment-thumbnail size-thumbnail\" alt=\"\" \/><\/a>\n\t\t\t<\/div><\/figure><figure class='gallery-item'>\n\t\t\t<div class='gallery-icon landscape'>\n\t\t\t\t<a href='https:\/\/maru.ee\/en\/news\/the-cornerstone-was-laid-for-the-fedex-cargo-terminal-in-the-new-business-district-at-tallinn-airport\/attachment\/24jj1001_102_fotojarekjoepera-large-2\/'><img loading=\"lazy\" decoding=\"async\" width=\"320\" height=\"210\" src=\"https:\/\/www.maru.ee\/wp-content\/uploads\/2024\/10\/24JJ1001_102_fotoJarekJoepera-Large-320x210.jpg\" class=\"attachment-thumbnail size-thumbnail\" alt=\"\" \/><\/a>\n\t\t\t<\/div><\/figure><figure class='gallery-item'>\n\t\t\t<div class='gallery-icon landscape'>\n\t\t\t\t<a href='https:\/\/maru.ee\/en\/news\/the-cornerstone-was-laid-for-the-fedex-cargo-terminal-in-the-new-business-district-at-tallinn-airport\/attachment\/24jj1001_083_fotojarekjoepera-large-2\/'><img loading=\"lazy\" decoding=\"async\" width=\"320\" height=\"210\" src=\"https:\/\/www.maru.ee\/wp-content\/uploads\/2024\/10\/24JJ1001_083_fotoJarekJoepera-Large-320x210.jpg\" class=\"attachment-thumbnail size-thumbnail\" alt=\"\" \/><\/a>\n\t\t\t<\/div><\/figure><figure class='gallery-item'>\n\t\t\t<div class='gallery-icon portrait'>\n\t\t\t\t<a href='https:\/\/maru.ee\/en\/news\/the-cornerstone-was-laid-for-the-fedex-cargo-terminal-in-the-new-business-district-at-tallinn-airport\/attachment\/dsc_5736-2\/'><img loading=\"lazy\" decoding=\"async\" width=\"320\" height=\"210\" src=\"https:\/\/www.maru.ee\/wp-content\/uploads\/2024\/10\/DSC_5736-320x210.jpg\" class=\"attachment-thumbnail size-thumbnail\" alt=\"\" \/><\/a>\n\t\t\t<\/div><\/figure><figure class='gallery-item'>\n\t\t\t<div class='gallery-icon portrait'>\n\t\t\t\t<a href='https:\/\/maru.ee\/en\/news\/the-cornerstone-was-laid-for-the-fedex-cargo-terminal-in-the-new-business-district-at-tallinn-airport\/attachment\/dsc_5767-2\/'><img loading=\"lazy\" decoding=\"async\" width=\"320\" height=\"210\" src=\"https:\/\/www.maru.ee\/wp-content\/uploads\/2024\/10\/DSC_5767-320x210.jpg\" class=\"attachment-thumbnail size-thumbnail\" alt=\"\" \/><\/a>\n\t\t\t<\/div><\/figure><figure class='gallery-item'>\n\t\t\t<div class='gallery-icon landscape'>\n\t\t\t\t<a href='https:\/\/maru.ee\/en\/news\/the-cornerstone-was-laid-for-the-fedex-cargo-terminal-in-the-new-business-district-at-tallinn-airport\/attachment\/24jj1001_122_fotojarekjoepera-large-2\/'><img loading=\"lazy\" decoding=\"async\" width=\"320\" height=\"210\" src=\"https:\/\/www.maru.ee\/wp-content\/uploads\/2024\/10\/24JJ1001_122_fotoJarekJoepera-Large-320x210.jpg\" class=\"attachment-thumbnail size-thumbnail\" alt=\"\" \/><\/a>\n\t\t\t<\/div><\/figure>\n\t\t<\/div>\n\n","protected":false},"excerpt":{"rendered":"<p>On October 1st, the cornerstone was laid for the first cargo terminal in the southern area of Tallinn Airport&#8217;s business&#8230;<\/p>\n","protected":false},"author":1,"featured_media":20311,"comment_status":"closed","ping_status":"closed","sticky":false,"template":"","format":"standard","meta":{"_acf_changed":false,"inline_featured_image":false,"footnotes":""},"categories":[3],"class_list":["post-20359","post","type-post","status-publish","format-standard","has-post-thumbnail","hentry","category-news"],"acf":[],"yoast_head":"<!-- This site is optimized with the Yoast SEO plugin v27.5 - https:\/\/yoast.com\/product\/yoast-seo-wordpress\/ -->\n<title>The cornerstone was laid for the FedEx cargo terminal in the new business district at Tallinn Airport - MARU<\/title>\n<meta name=\"robots\" content=\"index, follow, max-snippet:-1, max-image-preview:large, max-video-preview:-1\" \/>\n<link rel=\"canonical\" href=\"https:\/\/maru.ee\/en\/news\/the-cornerstone-was-laid-for-the-fedex-cargo-terminal-in-the-new-business-district-at-tallinn-airport\" \/>\n<meta property=\"og:locale\" content=\"en_US\" \/>\n<meta property=\"og:type\" content=\"article\" \/>\n<meta property=\"og:title\" content=\"The cornerstone was laid for the FedEx cargo terminal in the new business district at Tallinn Airport - MARU\" \/>\n<meta property=\"og:description\" content=\"On October 1st, the cornerstone was laid for the first cargo terminal in the southern area of Tallinn Airport&#8217;s business...\" \/>\n<meta property=\"og:url\" content=\"https:\/\/maru.ee\/en\/news\/the-cornerstone-was-laid-for-the-fedex-cargo-terminal-in-the-new-business-district-at-tallinn-airport\" \/>\n<meta property=\"og:site_name\" content=\"MARU\" \/>\n<meta property=\"article:published_time\" content=\"2024-10-03T14:13:53+00:00\" \/>\n<meta property=\"article:modified_time\" content=\"2024-10-03T15:03:27+00:00\" \/>\n<meta property=\"og:image\" content=\"https:\/\/www.maru.ee\/wp-content\/uploads\/2024\/10\/lennukaubaterminali-nurgakivi-Large.jpeg\" \/>\n\t<meta property=\"og:image:width\" content=\"1619\" \/>\n\t<meta property=\"og:image:height\" content=\"1080\" \/>\n\t<meta property=\"og:image:type\" content=\"image\/jpeg\" \/>\n<meta name=\"author\" content=\"admin\" \/>\n<meta name=\"twitter:card\" content=\"summary_large_image\" \/>\n<meta name=\"twitter:label1\" content=\"Written by\" \/>\n\t<meta name=\"twitter:data1\" content=\"admin\" \/>\n\t<meta name=\"twitter:label2\" content=\"Est. reading time\" \/>\n\t<meta name=\"twitter:data2\" content=\"2 minutes\" \/>\n<script type=\"application\/ld+json\" class=\"yoast-schema-graph\">{\"@context\":\"https:\\\/\\\/schema.org\",\"@graph\":[{\"@type\":\"Article\",\"@id\":\"https:\\\/\\\/maru.ee\\\/en\\\/news\\\/the-cornerstone-was-laid-for-the-fedex-cargo-terminal-in-the-new-business-district-at-tallinn-airport\\\/#article\",\"isPartOf\":{\"@id\":\"https:\\\/\\\/maru.ee\\\/en\\\/news\\\/the-cornerstone-was-laid-for-the-fedex-cargo-terminal-in-the-new-business-district-at-tallinn-airport\\\/\"},\"author\":{\"name\":\"admin\",\"@id\":\"https:\\\/\\\/maru.ee\\\/en\\\/#\\\/schema\\\/person\\\/82c85cfb52727efeff4222c2e6bbab76\"},\"headline\":\"The cornerstone was laid for the FedEx cargo terminal in the new business district at Tallinn Airport\",\"datePublished\":\"2024-10-03T14:13:53+00:00\",\"dateModified\":\"2024-10-03T15:03:27+00:00\",\"mainEntityOfPage\":{\"@id\":\"https:\\\/\\\/maru.ee\\\/en\\\/news\\\/the-cornerstone-was-laid-for-the-fedex-cargo-terminal-in-the-new-business-district-at-tallinn-airport\\\/\"},\"wordCount\":313,\"image\":{\"@id\":\"https:\\\/\\\/maru.ee\\\/en\\\/news\\\/the-cornerstone-was-laid-for-the-fedex-cargo-terminal-in-the-new-business-district-at-tallinn-airport\\\/#primaryimage\"},\"thumbnailUrl\":\"https:\\\/\\\/www.maru.ee\\\/wp-content\\\/uploads\\\/2024\\\/10\\\/lennukaubaterminali-nurgakivi-Large.jpeg\",\"articleSection\":[\"News\"],\"inLanguage\":\"en-US\"},{\"@type\":\"WebPage\",\"@id\":\"https:\\\/\\\/maru.ee\\\/en\\\/news\\\/the-cornerstone-was-laid-for-the-fedex-cargo-terminal-in-the-new-business-district-at-tallinn-airport\\\/\",\"url\":\"https:\\\/\\\/maru.ee\\\/en\\\/news\\\/the-cornerstone-was-laid-for-the-fedex-cargo-terminal-in-the-new-business-district-at-tallinn-airport\\\/\",\"name\":\"The cornerstone was laid for the FedEx cargo terminal in the new business district at Tallinn Airport - MARU\",\"isPartOf\":{\"@id\":\"https:\\\/\\\/maru.ee\\\/en\\\/#website\"},\"primaryImageOfPage\":{\"@id\":\"https:\\\/\\\/maru.ee\\\/en\\\/news\\\/the-cornerstone-was-laid-for-the-fedex-cargo-terminal-in-the-new-business-district-at-tallinn-airport\\\/#primaryimage\"},\"image\":{\"@id\":\"https:\\\/\\\/maru.ee\\\/en\\\/news\\\/the-cornerstone-was-laid-for-the-fedex-cargo-terminal-in-the-new-business-district-at-tallinn-airport\\\/#primaryimage\"},\"thumbnailUrl\":\"https:\\\/\\\/www.maru.ee\\\/wp-content\\\/uploads\\\/2024\\\/10\\\/lennukaubaterminali-nurgakivi-Large.jpeg\",\"datePublished\":\"2024-10-03T14:13:53+00:00\",\"dateModified\":\"2024-10-03T15:03:27+00:00\",\"author\":{\"@id\":\"https:\\\/\\\/maru.ee\\\/en\\\/#\\\/schema\\\/person\\\/82c85cfb52727efeff4222c2e6bbab76\"},\"breadcrumb\":{\"@id\":\"https:\\\/\\\/maru.ee\\\/en\\\/news\\\/the-cornerstone-was-laid-for-the-fedex-cargo-terminal-in-the-new-business-district-at-tallinn-airport\\\/#breadcrumb\"},\"inLanguage\":\"en-US\",\"potentialAction\":[{\"@type\":\"ReadAction\",\"target\":[\"https:\\\/\\\/maru.ee\\\/en\\\/news\\\/the-cornerstone-was-laid-for-the-fedex-cargo-terminal-in-the-new-business-district-at-tallinn-airport\\\/\"]}]},{\"@type\":\"ImageObject\",\"inLanguage\":\"en-US\",\"@id\":\"https:\\\/\\\/maru.ee\\\/en\\\/news\\\/the-cornerstone-was-laid-for-the-fedex-cargo-terminal-in-the-new-business-district-at-tallinn-airport\\\/#primaryimage\",\"url\":\"https:\\\/\\\/www.maru.ee\\\/wp-content\\\/uploads\\\/2024\\\/10\\\/lennukaubaterminali-nurgakivi-Large.jpeg\",\"contentUrl\":\"https:\\\/\\\/www.maru.ee\\\/wp-content\\\/uploads\\\/2024\\\/10\\\/lennukaubaterminali-nurgakivi-Large.jpeg\",\"width\":1619,\"height\":1080},{\"@type\":\"BreadcrumbList\",\"@id\":\"https:\\\/\\\/maru.ee\\\/en\\\/news\\\/the-cornerstone-was-laid-for-the-fedex-cargo-terminal-in-the-new-business-district-at-tallinn-airport\\\/#breadcrumb\",\"itemListElement\":[{\"@type\":\"ListItem\",\"position\":1,\"name\":\"Home\",\"item\":\"https:\\\/\\\/maru.ee\\\/en\\\/\"},{\"@type\":\"ListItem\",\"position\":2,\"name\":\"The cornerstone was laid for the FedEx cargo terminal in the new business district at Tallinn Airport\"}]},{\"@type\":\"WebSite\",\"@id\":\"https:\\\/\\\/maru.ee\\\/en\\\/#website\",\"url\":\"https:\\\/\\\/maru.ee\\\/en\\\/\",\"name\":\"Maru\",\"description\":\"\",\"potentialAction\":[{\"@type\":\"SearchAction\",\"target\":{\"@type\":\"EntryPoint\",\"urlTemplate\":\"https:\\\/\\\/maru.ee\\\/en\\\/?s={search_term_string}\"},\"query-input\":{\"@type\":\"PropertyValueSpecification\",\"valueRequired\":true,\"valueName\":\"search_term_string\"}}],\"inLanguage\":\"en-US\"},{\"@type\":\"Person\",\"@id\":\"https:\\\/\\\/maru.ee\\\/en\\\/#\\\/schema\\\/person\\\/82c85cfb52727efeff4222c2e6bbab76\",\"name\":\"admin\"}]}<\/script>\n<!-- \/ Yoast SEO plugin. -->","yoast_head_json":{"title":"The cornerstone was laid for the FedEx cargo terminal in the new business district at Tallinn Airport - MARU","robots":{"index":"index","follow":"follow","max-snippet":"max-snippet:-1","max-image-preview":"max-image-preview:large","max-video-preview":"max-video-preview:-1"},"canonical":"https:\/\/maru.ee\/en\/news\/the-cornerstone-was-laid-for-the-fedex-cargo-terminal-in-the-new-business-district-at-tallinn-airport","og_locale":"en_US","og_type":"article","og_title":"The cornerstone was laid for the FedEx cargo terminal in the new business district at Tallinn Airport - MARU","og_description":"On October 1st, the cornerstone was laid for the first cargo terminal in the southern area of Tallinn Airport&#8217;s business...","og_url":"https:\/\/maru.ee\/en\/news\/the-cornerstone-was-laid-for-the-fedex-cargo-terminal-in-the-new-business-district-at-tallinn-airport","og_site_name":"MARU","article_published_time":"2024-10-03T14:13:53+00:00","article_modified_time":"2024-10-03T15:03:27+00:00","og_image":[{"width":1619,"height":1080,"url":"https:\/\/www.maru.ee\/wp-content\/uploads\/2024\/10\/lennukaubaterminali-nurgakivi-Large.jpeg","type":"image\/jpeg"}],"author":"admin","twitter_card":"summary_large_image","twitter_misc":{"Written by":"admin","Est. reading time":"2 minutes"},"schema":{"@context":"https:\/\/schema.org","@graph":[{"@type":"Article","@id":"https:\/\/maru.ee\/en\/news\/the-cornerstone-was-laid-for-the-fedex-cargo-terminal-in-the-new-business-district-at-tallinn-airport\/#article","isPartOf":{"@id":"https:\/\/maru.ee\/en\/news\/the-cornerstone-was-laid-for-the-fedex-cargo-terminal-in-the-new-business-district-at-tallinn-airport\/"},"author":{"name":"admin","@id":"https:\/\/maru.ee\/en\/#\/schema\/person\/82c85cfb52727efeff4222c2e6bbab76"},"headline":"The cornerstone was laid for the FedEx cargo terminal in the new business district at Tallinn Airport","datePublished":"2024-10-03T14:13:53+00:00","dateModified":"2024-10-03T15:03:27+00:00","mainEntityOfPage":{"@id":"https:\/\/maru.ee\/en\/news\/the-cornerstone-was-laid-for-the-fedex-cargo-terminal-in-the-new-business-district-at-tallinn-airport\/"},"wordCount":313,"image":{"@id":"https:\/\/maru.ee\/en\/news\/the-cornerstone-was-laid-for-the-fedex-cargo-terminal-in-the-new-business-district-at-tallinn-airport\/#primaryimage"},"thumbnailUrl":"https:\/\/www.maru.ee\/wp-content\/uploads\/2024\/10\/lennukaubaterminali-nurgakivi-Large.jpeg","articleSection":["News"],"inLanguage":"en-US"},{"@type":"WebPage","@id":"https:\/\/maru.ee\/en\/news\/the-cornerstone-was-laid-for-the-fedex-cargo-terminal-in-the-new-business-district-at-tallinn-airport\/","url":"https:\/\/maru.ee\/en\/news\/the-cornerstone-was-laid-for-the-fedex-cargo-terminal-in-the-new-business-district-at-tallinn-airport\/","name":"The cornerstone was laid for the FedEx cargo terminal in the new business district at Tallinn Airport - MARU","isPartOf":{"@id":"https:\/\/maru.ee\/en\/#website"},"primaryImageOfPage":{"@id":"https:\/\/maru.ee\/en\/news\/the-cornerstone-was-laid-for-the-fedex-cargo-terminal-in-the-new-business-district-at-tallinn-airport\/#primaryimage"},"image":{"@id":"https:\/\/maru.ee\/en\/news\/the-cornerstone-was-laid-for-the-fedex-cargo-terminal-in-the-new-business-district-at-tallinn-airport\/#primaryimage"},"thumbnailUrl":"https:\/\/www.maru.ee\/wp-content\/uploads\/2024\/10\/lennukaubaterminali-nurgakivi-Large.jpeg","datePublished":"2024-10-03T14:13:53+00:00","dateModified":"2024-10-03T15:03:27+00:00","author":{"@id":"https:\/\/maru.ee\/en\/#\/schema\/person\/82c85cfb52727efeff4222c2e6bbab76"},"breadcrumb":{"@id":"https:\/\/maru.ee\/en\/news\/the-cornerstone-was-laid-for-the-fedex-cargo-terminal-in-the-new-business-district-at-tallinn-airport\/#breadcrumb"},"inLanguage":"en-US","potentialAction":[{"@type":"ReadAction","target":["https:\/\/maru.ee\/en\/news\/the-cornerstone-was-laid-for-the-fedex-cargo-terminal-in-the-new-business-district-at-tallinn-airport\/"]}]},{"@type":"ImageObject","inLanguage":"en-US","@id":"https:\/\/maru.ee\/en\/news\/the-cornerstone-was-laid-for-the-fedex-cargo-terminal-in-the-new-business-district-at-tallinn-airport\/#primaryimage","url":"https:\/\/www.maru.ee\/wp-content\/uploads\/2024\/10\/lennukaubaterminali-nurgakivi-Large.jpeg","contentUrl":"https:\/\/www.maru.ee\/wp-content\/uploads\/2024\/10\/lennukaubaterminali-nurgakivi-Large.jpeg","width":1619,"height":1080},{"@type":"BreadcrumbList","@id":"https:\/\/maru.ee\/en\/news\/the-cornerstone-was-laid-for-the-fedex-cargo-terminal-in-the-new-business-district-at-tallinn-airport\/#breadcrumb","itemListElement":[{"@type":"ListItem","position":1,"name":"Home","item":"https:\/\/maru.ee\/en\/"},{"@type":"ListItem","position":2,"name":"The cornerstone was laid for the FedEx cargo terminal in the new business district at Tallinn Airport"}]},{"@type":"WebSite","@id":"https:\/\/maru.ee\/en\/#website","url":"https:\/\/maru.ee\/en\/","name":"Maru","description":"","potentialAction":[{"@type":"SearchAction","target":{"@type":"EntryPoint","urlTemplate":"https:\/\/maru.ee\/en\/?s={search_term_string}"},"query-input":{"@type":"PropertyValueSpecification","valueRequired":true,"valueName":"search_term_string"}}],"inLanguage":"en-US"},{"@type":"Person","@id":"https:\/\/maru.ee\/en\/#\/schema\/person\/82c85cfb52727efeff4222c2e6bbab76","name":"admin"}]}},"_links":{"self":[{"href":"https:\/\/maru.ee\/en\/wp-json\/wp\/v2\/posts\/20359","targetHints":{"allow":["GET"]}}],"collection":[{"href":"https:\/\/maru.ee\/en\/wp-json\/wp\/v2\/posts"}],"about":[{"href":"https:\/\/maru.ee\/en\/wp-json\/wp\/v2\/types\/post"}],"author":[{"embeddable":true,"href":"https:\/\/maru.ee\/en\/wp-json\/wp\/v2\/users\/1"}],"replies":[{"embeddable":true,"href":"https:\/\/maru.ee\/en\/wp-json\/wp\/v2\/comments?post=20359"}],"version-history":[{"count":3,"href":"https:\/\/maru.ee\/en\/wp-json\/wp\/v2\/posts\/20359\/revisions"}],"predecessor-version":[{"id":20363,"href":"https:\/\/maru.ee\/en\/wp-json\/wp\/v2\/posts\/20359\/revisions\/20363"}],"wp:featuredmedia":[{"embeddable":true,"href":"https:\/\/maru.ee\/en\/wp-json\/wp\/v2\/media\/20311"}],"wp:attachment":[{"href":"https:\/\/maru.ee\/en\/wp-json\/wp\/v2\/media?parent=20359"}],"wp:term":[{"taxonomy":"category","embeddable":true,"href":"https:\/\/maru.ee\/en\/wp-json\/wp\/v2\/categories?post=20359"}],"curies":[{"name":"wp","href":"https:\/\/api.w.org\/{rel}","templated":true}]}}